{"id":5978,"date":"2026-03-11T00:07:17","date_gmt":"2026-03-11T00:07:17","guid":{"rendered":"https:\/\/proteniscolmenar.com\/?p=5978"},"modified":"2026-03-11T00:11:20","modified_gmt":"2026-03-11T00:11:20","slug":"lucas-roman-campeon-y-martin-roman-finalista-en-el-torneo-de-la-universidad-camilo-jose-cela-sports-club","status":"publish","type":"post","link":"https:\/\/proteniscolmenar.com\/?p=5978","title":{"rendered":"Lucas Roman Campe\u00f3n y Martin Roman Finalista en el Torneo de la Universidad Camilo Jos\u00e9 Cela Sports Club"},"content":{"rendered":"<p>Lucas Roman campe\u00f3n del Torneo UCJC Sports Club en la categor\u00eda infantil, en una final muy disputada.<a href=\"http:\/\/proteniscolmenar.com\/wpprotenis\/wp-content\/uploads\/2026\/03\/1773186389240.jpg\" target=\"_blank\" rel=\"noopener\"><img loading=\"lazy\" decoding=\"async\" class=\"alignright wp-image-5979 size-medium\" src=\"http:\/\/proteniscolmenar.com\/wpprotenis\/wp-content\/uploads\/2026\/03\/1773186389240-225x300.jpg\" alt=\"Fotograf\u00eda campe\u00f3n infantil UCJC Sports Club\" width=\"225\" height=\"300\" srcset=\"https:\/\/proteniscolmenar.com\/wpprotenis\/wp-content\/uploads\/2026\/03\/1773186389240-225x300.jpg 225w, https:\/\/proteniscolmenar.com\/wpprotenis\/wp-content\/uploads\/2026\/03\/1773186389240-768x1024.jpg 768w, https:\/\/proteniscolmenar.com\/wpprotenis\/wp-content\/uploads\/2026\/03\/1773186389240-1152x1536.jpg 1152w, https:\/\/proteniscolmenar.com\/wpprotenis\/wp-content\/uploads\/2026\/03\/1773186389240.jpg 1536w\" sizes=\"auto, (max-width: 225px) 100vw, 225px\" \/><\/a><br \/>\nSe confirma por tanto su buen estado de forma y el gran tenis que est\u00e1 realizando.<\/p>\n<p>As\u00ed mismo, su hermano Martin Roman ha quedado finalista en el mismo Torneo en la categor\u00eda alev\u00edn.<\/p>\n<p>Enhorabuena a los campeones !!<\/p>\n<p><a href=\"http:\/\/proteniscolmenar.com\/wpprotenis\/wp-content\/uploads\/2026\/03\/1773186389252.jpg\" target=\"_blank\" rel=\"noopener\"><img loading=\"lazy\" decoding=\"async\" class=\"alignleft wp-image-5981 size-medium\" src=\"http:\/\/proteniscolmenar.com\/wpprotenis\/wp-content\/uploads\/2026\/03\/1773186389252-225x300.jpg\" alt=\"\" width=\"225\" height=\"300\" srcset=\"https:\/\/proteniscolmenar.com\/wpprotenis\/wp-content\/uploads\/2026\/03\/1773186389252-225x300.jpg 225w, https:\/\/proteniscolmenar.com\/wpprotenis\/wp-content\/uploads\/2026\/03\/1773186389252-768x1024.jpg 768w, https:\/\/proteniscolmenar.com\/wpprotenis\/wp-content\/uploads\/2026\/03\/1773186389252-1152x1536.jpg 1152w, https:\/\/proteniscolmenar.com\/wpprotenis\/wp-content\/uploads\/2026\/03\/1773186389252.jpg 1536w\" sizes=\"auto, (max-width: 225px) 100vw, 225px\" \/><\/a><\/p>\n<p><img loading=\"lazy\" decoding=\"async\" class=\"aligncenter wp-image-5982 size-medium\" src=\"http:\/\/proteniscolmenar.com\/wpprotenis\/wp-content\/uploads\/2026\/03\/1773186389264-225x300.jpg\" alt=\"\" width=\"225\" height=\"300\" srcset=\"https:\/\/proteniscolmenar.com\/wpprotenis\/wp-content\/uploads\/2026\/03\/1773186389264-225x300.jpg 225w, https:\/\/proteniscolmenar.com\/wpprotenis\/wp-content\/uploads\/2026\/03\/1773186389264-768x1024.jpg 768w, https:\/\/proteniscolmenar.com\/wpprotenis\/wp-content\/uploads\/2026\/03\/1773186389264-1152x1536.jpg 1152w, https:\/\/proteniscolmenar.com\/wpprotenis\/wp-content\/uploads\/2026\/03\/1773186389264.jpg 1536w\" sizes=\"auto, (max-width: 225px) 100vw, 225px\" \/><\/p>\n<p><img loading=\"lazy\" decoding=\"async\" class=\"aligncenter wp-image-5980 size-medium\" src=\"http:\/\/proteniscolmenar.com\/wpprotenis\/wp-content\/uploads\/2026\/03\/1773186389229-225x300.jpg\" alt=\"\" width=\"225\" height=\"300\" srcset=\"https:\/\/proteniscolmenar.com\/wpprotenis\/wp-content\/uploads\/2026\/03\/1773186389229-225x300.jpg 225w, https:\/\/proteniscolmenar.com\/wpprotenis\/wp-content\/uploads\/2026\/03\/1773186389229-768x1024.jpg 768w, https:\/\/proteniscolmenar.com\/wpprotenis\/wp-content\/uploads\/2026\/03\/1773186389229-1152x1536.jpg 1152w, https:\/\/proteniscolmenar.com\/wpprotenis\/wp-content\/uploads\/2026\/03\/1773186389229.jpg 1536w\" sizes=\"auto, (max-width: 225px) 100vw, 225px\" \/><\/p>\n<p>&nbsp;<\/p>\n","protected":false},"excerpt":{"rendered":"<p>Lucas Roman campe\u00f3n del Torneo UCJC Sports Club en la categor\u00eda infantil, en una final muy disputada. Se confirma por tanto su buen estado de forma y el gran tenis que est\u00e1 realizando. As\u00ed mismo, su hermano Martin Roman ha quedado finalista en el mismo Torneo en la categor\u00eda alev\u00edn. Enhorabuena a los campeones !! [&hellip;]<\/p>\n","protected":false},"author":1,"featured_media":5979,"comment_status":"open","ping_status":"open","sticky":false,"template":"","format":"standard","meta":{"footnotes":""},"categories":[9],"tags":[],"class_list":["post-5978","post","type-post","status-publish","format-standard","has-post-thumbnail","hentry","category-club"],"yoast_head":"<!-- This site is optimized with the Yoast SEO plugin v26.4 - https:\/\/yoast.com\/wordpress\/plugins\/seo\/ -->\n<title>Lucas Roman Campe\u00f3n y Martin Roman Finalista en el Torneo de la Universidad Camilo Jos\u00e9 Cela Sports Club - ProTenis Samaranch Colmenar Viejo<\/title>\n<meta name=\"robots\" content=\"index, follow, max-snippet:-1, max-image-preview:large, max-video-preview:-1\" \/>\n<link rel=\"canonical\" href=\"https:\/\/proteniscolmenar.com\/?p=5978\" \/>\n<meta property=\"og:locale\" content=\"es_ES\" \/>\n<meta property=\"og:type\" content=\"article\" \/>\n<meta property=\"og:title\" content=\"Lucas Roman Campe\u00f3n y Martin Roman Finalista en el Torneo de la Universidad Camilo Jos\u00e9 Cela Sports Club - ProTenis Samaranch Colmenar Viejo\" \/>\n<meta property=\"og:description\" content=\"Lucas Roman campe\u00f3n del Torneo UCJC Sports Club en la categor\u00eda infantil, en una final muy disputada. Se confirma por tanto su buen estado de forma y el gran tenis que est\u00e1 realizando. As\u00ed mismo, su hermano Martin Roman ha quedado finalista en el mismo Torneo en la categor\u00eda alev\u00edn. Enhorabuena a los campeones !! [&hellip;]\" \/>\n<meta property=\"og:url\" content=\"https:\/\/proteniscolmenar.com\/?p=5978\" \/>\n<meta property=\"og:site_name\" content=\"ProTenis Samaranch Colmenar Viejo\" \/>\n<meta property=\"article:publisher\" content=\"https:\/\/www.facebook.com\/proteniscolmenar\" \/>\n<meta property=\"article:published_time\" content=\"2026-03-11T00:07:17+00:00\" \/>\n<meta property=\"article:modified_time\" content=\"2026-03-11T00:11:20+00:00\" \/>\n<meta property=\"og:image\" content=\"http:\/\/proteniscolmenar.com\/wpprotenis\/wp-content\/uploads\/2026\/03\/1773186389240.jpg\" \/>\n\t<meta property=\"og:image:width\" content=\"1536\" \/>\n\t<meta property=\"og:image:height\" content=\"2048\" \/>\n\t<meta property=\"og:image:type\" content=\"image\/jpeg\" \/>\n<meta name=\"author\" content=\"admin\" \/>\n<meta name=\"twitter:label1\" content=\"Escrito por\" \/>\n\t<meta name=\"twitter:data1\" content=\"admin\" \/>\n\t<meta name=\"twitter:label2\" content=\"Tiempo de lectura\" \/>\n\t<meta name=\"twitter:data2\" content=\"2 minutos\" \/>\n<script type=\"application\/ld+json\" class=\"yoast-schema-graph\">{\"@context\":\"https:\/\/schema.org\",\"@graph\":[{\"@type\":\"Article\",\"@id\":\"https:\/\/proteniscolmenar.com\/?p=5978#article\",\"isPartOf\":{\"@id\":\"https:\/\/proteniscolmenar.com\/?p=5978\"},\"author\":{\"name\":\"admin\",\"@id\":\"https:\/\/proteniscolmenar.com\/#\/schema\/person\/d4fe20a9d06c3e01af209a318cd58e4a\"},\"headline\":\"Lucas Roman Campe\u00f3n y Martin Roman Finalista en el Torneo de la Universidad Camilo Jos\u00e9 Cela Sports Club\",\"datePublished\":\"2026-03-11T00:07:17+00:00\",\"dateModified\":\"2026-03-11T00:11:20+00:00\",\"mainEntityOfPage\":{\"@id\":\"https:\/\/proteniscolmenar.com\/?p=5978\"},\"wordCount\":78,\"commentCount\":0,\"publisher\":{\"@id\":\"https:\/\/proteniscolmenar.com\/#organization\"},\"image\":{\"@id\":\"https:\/\/proteniscolmenar.com\/?p=5978#primaryimage\"},\"thumbnailUrl\":\"https:\/\/proteniscolmenar.com\/wpprotenis\/wp-content\/uploads\/2026\/03\/1773186389240.jpg\",\"articleSection\":[\"Club\"],\"inLanguage\":\"es\",\"potentialAction\":[{\"@type\":\"CommentAction\",\"name\":\"Comment\",\"target\":[\"https:\/\/proteniscolmenar.com\/?p=5978#respond\"]}]},{\"@type\":\"WebPage\",\"@id\":\"https:\/\/proteniscolmenar.com\/?p=5978\",\"url\":\"https:\/\/proteniscolmenar.com\/?p=5978\",\"name\":\"Lucas Roman Campe\u00f3n y Martin Roman Finalista en el Torneo de la Universidad Camilo Jos\u00e9 Cela Sports Club - ProTenis Samaranch Colmenar Viejo\",\"isPartOf\":{\"@id\":\"https:\/\/proteniscolmenar.com\/#website\"},\"primaryImageOfPage\":{\"@id\":\"https:\/\/proteniscolmenar.com\/?p=5978#primaryimage\"},\"image\":{\"@id\":\"https:\/\/proteniscolmenar.com\/?p=5978#primaryimage\"},\"thumbnailUrl\":\"https:\/\/proteniscolmenar.com\/wpprotenis\/wp-content\/uploads\/2026\/03\/1773186389240.jpg\",\"datePublished\":\"2026-03-11T00:07:17+00:00\",\"dateModified\":\"2026-03-11T00:11:20+00:00\",\"breadcrumb\":{\"@id\":\"https:\/\/proteniscolmenar.com\/?p=5978#breadcrumb\"},\"inLanguage\":\"es\",\"potentialAction\":[{\"@type\":\"ReadAction\",\"target\":[\"https:\/\/proteniscolmenar.com\/?p=5978\"]}]},{\"@type\":\"ImageObject\",\"inLanguage\":\"es\",\"@id\":\"https:\/\/proteniscolmenar.com\/?p=5978#primaryimage\",\"url\":\"https:\/\/proteniscolmenar.com\/wpprotenis\/wp-content\/uploads\/2026\/03\/1773186389240.jpg\",\"contentUrl\":\"https:\/\/proteniscolmenar.com\/wpprotenis\/wp-content\/uploads\/2026\/03\/1773186389240.jpg\",\"width\":1536,\"height\":2048,\"caption\":\"Fotograf\u00eda campe\u00f3n infantil UCJC Sports Club\"},{\"@type\":\"BreadcrumbList\",\"@id\":\"https:\/\/proteniscolmenar.com\/?p=5978#breadcrumb\",\"itemListElement\":[{\"@type\":\"ListItem\",\"position\":1,\"name\":\"Portada\",\"item\":\"https:\/\/proteniscolmenar.com\/\"},{\"@type\":\"ListItem\",\"position\":2,\"name\":\"Lucas Roman Campe\u00f3n y Martin Roman Finalista en el Torneo de la Universidad Camilo Jos\u00e9 Cela Sports Club\"}]},{\"@type\":\"WebSite\",\"@id\":\"https:\/\/proteniscolmenar.com\/#website\",\"url\":\"https:\/\/proteniscolmenar.com\/\",\"name\":\"ProTenis Samaranch Colmenar Viejo\",\"description\":\"Escuela de Tenis\",\"publisher\":{\"@id\":\"https:\/\/proteniscolmenar.com\/#organization\"},\"potentialAction\":[{\"@type\":\"SearchAction\",\"target\":{\"@type\":\"EntryPoint\",\"urlTemplate\":\"https:\/\/proteniscolmenar.com\/?s={search_term_string}\"},\"query-input\":{\"@type\":\"PropertyValueSpecification\",\"valueRequired\":true,\"valueName\":\"search_term_string\"}}],\"inLanguage\":\"es\"},{\"@type\":\"Organization\",\"@id\":\"https:\/\/proteniscolmenar.com\/#organization\",\"name\":\"Protenis Colmenar\",\"url\":\"https:\/\/proteniscolmenar.com\/\",\"logo\":{\"@type\":\"ImageObject\",\"inLanguage\":\"es\",\"@id\":\"https:\/\/proteniscolmenar.com\/#\/schema\/logo\/image\/\",\"url\":\"http:\/\/proteniscolmenar.com\/wpprotenis\/wp-content\/uploads\/2015\/04\/logo_proteniscolmenar1.png\",\"contentUrl\":\"http:\/\/proteniscolmenar.com\/wpprotenis\/wp-content\/uploads\/2015\/04\/logo_proteniscolmenar1.png\",\"width\":371,\"height\":120,\"caption\":\"Protenis Colmenar\"},\"image\":{\"@id\":\"https:\/\/proteniscolmenar.com\/#\/schema\/logo\/image\/\"},\"sameAs\":[\"https:\/\/www.facebook.com\/proteniscolmenar\",\"https:\/\/x.com\/proteniscv\"]},{\"@type\":\"Person\",\"@id\":\"https:\/\/proteniscolmenar.com\/#\/schema\/person\/d4fe20a9d06c3e01af209a318cd58e4a\",\"name\":\"admin\",\"image\":{\"@type\":\"ImageObject\",\"inLanguage\":\"es\",\"@id\":\"https:\/\/proteniscolmenar.com\/#\/schema\/person\/image\/\",\"url\":\"https:\/\/secure.gravatar.com\/avatar\/e81c34eb4a0ff24bf2fc512d184e2e7caaddea739a461904a7417b9f8b60c277?s=96&d=mm&r=g\",\"contentUrl\":\"https:\/\/secure.gravatar.com\/avatar\/e81c34eb4a0ff24bf2fc512d184e2e7caaddea739a461904a7417b9f8b60c277?s=96&d=mm&r=g\",\"caption\":\"admin\"},\"url\":\"https:\/\/proteniscolmenar.com\/?author=1\"}]}<\/script>\n<!-- \/ Yoast SEO plugin. -->","yoast_head_json":{"title":"Lucas Roman Campe\u00f3n y Martin Roman Finalista en el Torneo de la Universidad Camilo Jos\u00e9 Cela Sports Club - ProTenis Samaranch Colmenar Viejo","robots":{"index":"index","follow":"follow","max-snippet":"max-snippet:-1","max-image-preview":"max-image-preview:large","max-video-preview":"max-video-preview:-1"},"canonical":"https:\/\/proteniscolmenar.com\/?p=5978","og_locale":"es_ES","og_type":"article","og_title":"Lucas Roman Campe\u00f3n y Martin Roman Finalista en el Torneo de la Universidad Camilo Jos\u00e9 Cela Sports Club - ProTenis Samaranch Colmenar Viejo","og_description":"Lucas Roman campe\u00f3n del Torneo UCJC Sports Club en la categor\u00eda infantil, en una final muy disputada. Se confirma por tanto su buen estado de forma y el gran tenis que est\u00e1 realizando. As\u00ed mismo, su hermano Martin Roman ha quedado finalista en el mismo Torneo en la categor\u00eda alev\u00edn. Enhorabuena a los campeones !! [&hellip;]","og_url":"https:\/\/proteniscolmenar.com\/?p=5978","og_site_name":"ProTenis Samaranch Colmenar Viejo","article_publisher":"https:\/\/www.facebook.com\/proteniscolmenar","article_published_time":"2026-03-11T00:07:17+00:00","article_modified_time":"2026-03-11T00:11:20+00:00","og_image":[{"width":1536,"height":2048,"url":"http:\/\/proteniscolmenar.com\/wpprotenis\/wp-content\/uploads\/2026\/03\/1773186389240.jpg","type":"image\/jpeg"}],"author":"admin","twitter_misc":{"Escrito por":"admin","Tiempo de lectura":"2 minutos"},"schema":{"@context":"https:\/\/schema.org","@graph":[{"@type":"Article","@id":"https:\/\/proteniscolmenar.com\/?p=5978#article","isPartOf":{"@id":"https:\/\/proteniscolmenar.com\/?p=5978"},"author":{"name":"admin","@id":"https:\/\/proteniscolmenar.com\/#\/schema\/person\/d4fe20a9d06c3e01af209a318cd58e4a"},"headline":"Lucas Roman Campe\u00f3n y Martin Roman Finalista en el Torneo de la Universidad Camilo Jos\u00e9 Cela Sports Club","datePublished":"2026-03-11T00:07:17+00:00","dateModified":"2026-03-11T00:11:20+00:00","mainEntityOfPage":{"@id":"https:\/\/proteniscolmenar.com\/?p=5978"},"wordCount":78,"commentCount":0,"publisher":{"@id":"https:\/\/proteniscolmenar.com\/#organization"},"image":{"@id":"https:\/\/proteniscolmenar.com\/?p=5978#primaryimage"},"thumbnailUrl":"https:\/\/proteniscolmenar.com\/wpprotenis\/wp-content\/uploads\/2026\/03\/1773186389240.jpg","articleSection":["Club"],"inLanguage":"es","potentialAction":[{"@type":"CommentAction","name":"Comment","target":["https:\/\/proteniscolmenar.com\/?p=5978#respond"]}]},{"@type":"WebPage","@id":"https:\/\/proteniscolmenar.com\/?p=5978","url":"https:\/\/proteniscolmenar.com\/?p=5978","name":"Lucas Roman Campe\u00f3n y Martin Roman Finalista en el Torneo de la Universidad Camilo Jos\u00e9 Cela Sports Club - ProTenis Samaranch Colmenar Viejo","isPartOf":{"@id":"https:\/\/proteniscolmenar.com\/#website"},"primaryImageOfPage":{"@id":"https:\/\/proteniscolmenar.com\/?p=5978#primaryimage"},"image":{"@id":"https:\/\/proteniscolmenar.com\/?p=5978#primaryimage"},"thumbnailUrl":"https:\/\/proteniscolmenar.com\/wpprotenis\/wp-content\/uploads\/2026\/03\/1773186389240.jpg","datePublished":"2026-03-11T00:07:17+00:00","dateModified":"2026-03-11T00:11:20+00:00","breadcrumb":{"@id":"https:\/\/proteniscolmenar.com\/?p=5978#breadcrumb"},"inLanguage":"es","potentialAction":[{"@type":"ReadAction","target":["https:\/\/proteniscolmenar.com\/?p=5978"]}]},{"@type":"ImageObject","inLanguage":"es","@id":"https:\/\/proteniscolmenar.com\/?p=5978#primaryimage","url":"https:\/\/proteniscolmenar.com\/wpprotenis\/wp-content\/uploads\/2026\/03\/1773186389240.jpg","contentUrl":"https:\/\/proteniscolmenar.com\/wpprotenis\/wp-content\/uploads\/2026\/03\/1773186389240.jpg","width":1536,"height":2048,"caption":"Fotograf\u00eda campe\u00f3n infantil UCJC Sports Club"},{"@type":"BreadcrumbList","@id":"https:\/\/proteniscolmenar.com\/?p=5978#breadcrumb","itemListElement":[{"@type":"ListItem","position":1,"name":"Portada","item":"https:\/\/proteniscolmenar.com\/"},{"@type":"ListItem","position":2,"name":"Lucas Roman Campe\u00f3n y Martin Roman Finalista en el Torneo de la Universidad Camilo Jos\u00e9 Cela Sports Club"}]},{"@type":"WebSite","@id":"https:\/\/proteniscolmenar.com\/#website","url":"https:\/\/proteniscolmenar.com\/","name":"ProTenis Samaranch Colmenar Viejo","description":"Escuela de Tenis","publisher":{"@id":"https:\/\/proteniscolmenar.com\/#organization"},"potentialAction":[{"@type":"SearchAction","target":{"@type":"EntryPoint","urlTemplate":"https:\/\/proteniscolmenar.com\/?s={search_term_string}"},"query-input":{"@type":"PropertyValueSpecification","valueRequired":true,"valueName":"search_term_string"}}],"inLanguage":"es"},{"@type":"Organization","@id":"https:\/\/proteniscolmenar.com\/#organization","name":"Protenis Colmenar","url":"https:\/\/proteniscolmenar.com\/","logo":{"@type":"ImageObject","inLanguage":"es","@id":"https:\/\/proteniscolmenar.com\/#\/schema\/logo\/image\/","url":"http:\/\/proteniscolmenar.com\/wpprotenis\/wp-content\/uploads\/2015\/04\/logo_proteniscolmenar1.png","contentUrl":"http:\/\/proteniscolmenar.com\/wpprotenis\/wp-content\/uploads\/2015\/04\/logo_proteniscolmenar1.png","width":371,"height":120,"caption":"Protenis Colmenar"},"image":{"@id":"https:\/\/proteniscolmenar.com\/#\/schema\/logo\/image\/"},"sameAs":["https:\/\/www.facebook.com\/proteniscolmenar","https:\/\/x.com\/proteniscv"]},{"@type":"Person","@id":"https:\/\/proteniscolmenar.com\/#\/schema\/person\/d4fe20a9d06c3e01af209a318cd58e4a","name":"admin","image":{"@type":"ImageObject","inLanguage":"es","@id":"https:\/\/proteniscolmenar.com\/#\/schema\/person\/image\/","url":"https:\/\/secure.gravatar.com\/avatar\/e81c34eb4a0ff24bf2fc512d184e2e7caaddea739a461904a7417b9f8b60c277?s=96&d=mm&r=g","contentUrl":"https:\/\/secure.gravatar.com\/avatar\/e81c34eb4a0ff24bf2fc512d184e2e7caaddea739a461904a7417b9f8b60c277?s=96&d=mm&r=g","caption":"admin"},"url":"https:\/\/proteniscolmenar.com\/?author=1"}]}},"_links":{"self":[{"href":"https:\/\/proteniscolmenar.com\/index.php?rest_route=\/wp\/v2\/posts\/5978","targetHints":{"allow":["GET"]}}],"collection":[{"href":"https:\/\/proteniscolmenar.com\/index.php?rest_route=\/wp\/v2\/posts"}],"about":[{"href":"https:\/\/proteniscolmenar.com\/index.php?rest_route=\/wp\/v2\/types\/post"}],"author":[{"embeddable":true,"href":"https:\/\/proteniscolmenar.com\/index.php?rest_route=\/wp\/v2\/users\/1"}],"replies":[{"embeddable":true,"href":"https:\/\/proteniscolmenar.com\/index.php?rest_route=%2Fwp%2Fv2%2Fcomments&post=5978"}],"version-history":[{"count":8,"href":"https:\/\/proteniscolmenar.com\/index.php?rest_route=\/wp\/v2\/posts\/5978\/revisions"}],"predecessor-version":[{"id":5990,"href":"https:\/\/proteniscolmenar.com\/index.php?rest_route=\/wp\/v2\/posts\/5978\/revisions\/5990"}],"wp:featuredmedia":[{"embeddable":true,"href":"https:\/\/proteniscolmenar.com\/index.php?rest_route=\/wp\/v2\/media\/5979"}],"wp:attachment":[{"href":"https:\/\/proteniscolmenar.com\/index.php?rest_route=%2Fwp%2Fv2%2Fmedia&parent=5978"}],"wp:term":[{"taxonomy":"category","embeddable":true,"href":"https:\/\/proteniscolmenar.com\/index.php?rest_route=%2Fwp%2Fv2%2Fcategories&post=5978"},{"taxonomy":"post_tag","embeddable":true,"href":"https:\/\/proteniscolmenar.com\/index.php?rest_route=%2Fwp%2Fv2%2Ftags&post=5978"}],"curies":[{"name":"wp","href":"https:\/\/api.w.org\/{rel}","templated":true}]}}